{"id":902,"date":"2016-09-26T11:06:10","date_gmt":"2016-09-26T10:06:10","guid":{"rendered":"http:\/\/www.pomcom.fr\/?p=902"},"modified":"2021-02-17T21:13:40","modified_gmt":"2021-02-17T20:13:40","slug":"saison-culturelle-visuel-brochure","status":"publish","type":"post","link":"https:\/\/www.pomcom.fr\/index.php\/graphisme\/saison-culturelle-visuel-brochure","title":{"rendered":"Visuel et brochure de l&rsquo;Agenda culturel de l&rsquo;agglom\u00e9ration de Melun"},"content":{"rendered":"<h2><a href=\"https:\/\/www.pomcom.fr\/wp-content\/uploads\/2016\/09\/plaquette-culturelle-graphiste-brest.jpg\"><br \/>\n<\/a>Saison culturelle 2016\/2017<\/h2>\n<p>Cr\u00e9ation du visuel de saison culturelle de l&rsquo;agglom\u00e9ration de Melun Val-de-Seine. Cette ann\u00e9e, l&rsquo;agglo de Melun \u00e0 d\u00e9cid\u00e9 de rassembler toute l&rsquo;offre culturelle de l&rsquo;agglo sur un seul et m\u00eame support. Par cons\u00e9quent, le visuel de saison devait exprimer cette unit\u00e9 et la vision \u00e0 360\u00b0 qu&rsquo;elle offre sur le paysage culturel. J&rsquo;ai donc propos\u00e9 une bande de suricates qui scrutent dans toutes les directions. Ils\u00a0sont au nombre de cinq, comme les communes de l&rsquo;agglo participant \u00e0 cette saison.\u00a0J&rsquo;ai privil\u00e9gi\u00e9 l&rsquo;utilisation du rond pour transcrire l&rsquo;id\u00e9e d&rsquo;une vision globale. La typographie utilis\u00e9e est ronde elle aussi.\u00a0Concernant le\u00a0traitement graphique de l&rsquo;image, j&rsquo;ai opt\u00e9 pour un fort contraste pour cr\u00e9er un visuel impactant. Ainsi, j&rsquo;ai\u00a0restreint la\u00a0gamme de couleurs au\u00a0noir, au\u00a0blanc et \u00e0 un jaune chaleureux.<\/p>\n<p>Le visuel de saison reprend l&rsquo;identit\u00e9 visuelle sous forme de constellation qui \u00e0 \u00e9t\u00e9 cr\u00e9\u00e9e pour le service culturelle de l&rsquo;agglom\u00e9ration de Melun\u00a0(\u00e0 d\u00e9couvrir dans le prochain article).<a href=\"https:\/\/www.pomcom.fr\/wp-content\/uploads\/2016\/09\/visuel-saison-annonce-presse.jpg\"><br \/>\n<\/a><\/p>\n<hr \/>\n<p><img decoding=\"async\" class=\"aligncenter size-full wp-image-908\" src=\"https:\/\/www.pomcom.fr\/wp-content\/uploads\/2016\/09\/plaquette-culturelle-graphiste-brest.jpg\" alt=\"plaquette culturelle graphiste brest\" width=\"1600\" height=\"1323\" srcset=\"https:\/\/www.pomcom.fr\/wp-content\/uploads\/2016\/09\/plaquette-culturelle-graphiste-brest.jpg 1600w, https:\/\/www.pomcom.fr\/wp-content\/uploads\/2016\/09\/plaquette-culturelle-graphiste-brest-300x248.jpg 300w, https:\/\/www.pomcom.fr\/wp-content\/uploads\/2016\/09\/plaquette-culturelle-graphiste-brest-768x635.jpg 768w, https:\/\/www.pomcom.fr\/wp-content\/uploads\/2016\/09\/plaquette-culturelle-graphiste-brest-1024x847.jpg 1024w\" sizes=\"(max-width: 1600px) 100vw, 1600px\" \/><\/p>\n<p><a href=\"https:\/\/www.pomcom.fr\/wp-content\/uploads\/2016\/09\/brochure-culturelle-1.jpg\"><img decoding=\"async\" class=\"aligncenter size-full wp-image-906\" src=\"https:\/\/www.pomcom.fr\/wp-content\/uploads\/2016\/09\/brochure-culturelle-1.jpg\" alt=\"brochure de saison int\u00e9rieur\" width=\"1600\" height=\"1323\" srcset=\"https:\/\/www.pomcom.fr\/wp-content\/uploads\/2016\/09\/brochure-culturelle-1.jpg 1600w, https:\/\/www.pomcom.fr\/wp-content\/uploads\/2016\/09\/brochure-culturelle-1-300x248.jpg 300w, https:\/\/www.pomcom.fr\/wp-content\/uploads\/2016\/09\/brochure-culturelle-1-768x635.jpg 768w, https:\/\/www.pomcom.fr\/wp-content\/uploads\/2016\/09\/brochure-culturelle-1-1024x847.jpg 1024w\" sizes=\"(max-width: 1600px) 100vw, 1600px\" \/><\/a><\/p>\n<p><a href=\"https:\/\/www.pomcom.fr\/wp-content\/uploads\/2016\/09\/brochure-de-saison-graphiste-brest.jpg\"><img decoding=\"async\" class=\"aligncenter size-full wp-image-907\" src=\"https:\/\/www.pomcom.fr\/wp-content\/uploads\/2016\/09\/brochure-de-saison-graphiste-brest.jpg\" alt=\"d\u00e9tail brochure de saison graphiste brest\" width=\"1600\" height=\"1323\" srcset=\"https:\/\/www.pomcom.fr\/wp-content\/uploads\/2016\/09\/brochure-de-saison-graphiste-brest.jpg 1600w, https:\/\/www.pomcom.fr\/wp-content\/uploads\/2016\/09\/brochure-de-saison-graphiste-brest-300x248.jpg 300w, https:\/\/www.pomcom.fr\/wp-content\/uploads\/2016\/09\/brochure-de-saison-graphiste-brest-768x635.jpg 768w, https:\/\/www.pomcom.fr\/wp-content\/uploads\/2016\/09\/brochure-de-saison-graphiste-brest-1024x847.jpg 1024w\" sizes=\"(max-width: 1600px) 100vw, 1600px\" \/><\/a><\/p>\n<p><img decoding=\"async\" class=\"aligncenter size-full wp-image-903\" src=\"https:\/\/www.pomcom.fr\/wp-content\/uploads\/2016\/09\/visuel-saison-annonce-presse.jpg\" alt=\"encart presse\" width=\"1600\" height=\"1060\" srcset=\"https:\/\/www.pomcom.fr\/wp-content\/uploads\/2016\/09\/visuel-saison-annonce-presse.jpg 1600w, https:\/\/www.pomcom.fr\/wp-content\/uploads\/2016\/09\/visuel-saison-annonce-presse-300x199.jpg 300w, https:\/\/www.pomcom.fr\/wp-content\/uploads\/2016\/09\/visuel-saison-annonce-presse-768x509.jpg 768w, https:\/\/www.pomcom.fr\/wp-content\/uploads\/2016\/09\/visuel-saison-annonce-presse-1024x678.jpg 1024w\" sizes=\"(max-width: 1600px) 100vw, 1600px\" \/><\/p>\n","protected":false},"excerpt":{"rendered":"<p>Un visuel qui exprime l&rsquo;unit\u00e9 et la compl\u00e9mentarit\u00e9 des multiples acteurs qui composent cette saison culturelle. <\/p>\n","protected":false},"author":1,"featured_media":904,"comment_status":"closed","ping_status":"open","sticky":true,"template":"","format":"standard","meta":{"footnotes":""},"categories":[3],"tags":[],"class_list":["post-902","post","type-post","status-publish","format-standard","has-post-thumbnail","hentry","category-graphisme"],"_links":{"self":[{"href":"https:\/\/www.pomcom.fr\/index.php\/wp-json\/wp\/v2\/posts\/902","targetHints":{"allow":["GET"]}}],"collection":[{"href":"https:\/\/www.pomcom.fr\/index.php\/wp-json\/wp\/v2\/posts"}],"about":[{"href":"https:\/\/www.pomcom.fr\/index.php\/wp-json\/wp\/v2\/types\/post"}],"author":[{"embeddable":true,"href":"https:\/\/www.pomcom.fr\/index.php\/wp-json\/wp\/v2\/users\/1"}],"replies":[{"embeddable":true,"href":"https:\/\/www.pomcom.fr\/index.php\/wp-json\/wp\/v2\/comments?post=902"}],"version-history":[{"count":4,"href":"https:\/\/www.pomcom.fr\/index.php\/wp-json\/wp\/v2\/posts\/902\/revisions"}],"predecessor-version":[{"id":1260,"href":"https:\/\/www.pomcom.fr\/index.php\/wp-json\/wp\/v2\/posts\/902\/revisions\/1260"}],"wp:featuredmedia":[{"embeddable":true,"href":"https:\/\/www.pomcom.fr\/index.php\/wp-json\/wp\/v2\/media\/904"}],"wp:attachment":[{"href":"https:\/\/www.pomcom.fr\/index.php\/wp-json\/wp\/v2\/media?parent=902"}],"wp:term":[{"taxonomy":"category","embeddable":true,"href":"https:\/\/www.pomcom.fr\/index.php\/wp-json\/wp\/v2\/categories?post=902"},{"taxonomy":"post_tag","embeddable":true,"href":"https:\/\/www.pomcom.fr\/index.php\/wp-json\/wp\/v2\/tags?post=902"}],"curies":[{"name":"wp","href":"https:\/\/api.w.org\/{rel}","templated":true}]}}