{"id":720,"date":"2015-03-27T13:08:35","date_gmt":"2015-03-27T12:08:35","guid":{"rendered":"http:\/\/www.pomcom.fr\/?p=720"},"modified":"2021-02-17T20:43:47","modified_gmt":"2021-02-17T19:43:47","slug":"saison-culturelle-2015-l-aber-wrac-h","status":"publish","type":"post","link":"https:\/\/www.pomcom.fr\/index.php\/graphisme\/saison-culturelle-2015-l-aber-wrac-h","title":{"rendered":"Saison culturelle 2015 &#8211; S\u00e9maphore de l&rsquo;Aber Wrac&rsquo;h"},"content":{"rendered":"<h3>Cr\u00e9ation d&rsquo;un visuel pour la saison culturelle 2015 du S\u00e9maphore<\/h3>\n<p>Le S\u00e9maphore de l&rsquo;Aber Wrac&rsquo;h situ\u00e9 \u00e0 Land\u00e9da dans le Finist\u00e8re nord. Le s\u00e9maphore est un lieu qui propose des expositions de mars \u00e0 octobre, le th\u00e8me de la mer est souvent pr\u00e9sent en ligne de fond. Il est possible d&rsquo;y rencontrer les artistes et d\u2019\u00e9changer avec eux. La situation du S\u00e9maphore est exceptionnelle : c&rsquo;est l&rsquo;un des plus beau point de vue sur l&rsquo;Aber Wrac&rsquo;h et la baie des anges.<\/p>\n<p>Pour sa saison culturelle 2015, le s\u00e9maphore \u00e0 souhait\u00e9 moderniser son image. Le visuel interpelle. Il exprime l&rsquo;attachement symbolique, historique et g\u00e9ographique avec la mer, mais aussi l\u2019\u00e9change et le partage qui sont au c\u0153ur de la d\u00e9marche du S\u00e9maphore.<\/p>\n<p><a href=\"https:\/\/www.pomcom.fr\/wp-content\/uploads\/2015\/03\/graphisme-saison-culturelle-2015.jpg\"><img decoding=\"async\" class=\"size-full wp-image-728\" src=\"https:\/\/www.pomcom.fr\/wp-content\/uploads\/2015\/03\/graphisme-saison-culturelle-2015.jpg\" alt=\"graphisme-saison-culturelle-2015\" width=\"1600\" height=\"1200\" srcset=\"https:\/\/www.pomcom.fr\/wp-content\/uploads\/2015\/03\/graphisme-saison-culturelle-2015.jpg 1600w, https:\/\/www.pomcom.fr\/wp-content\/uploads\/2015\/03\/graphisme-saison-culturelle-2015-300x225.jpg 300w, https:\/\/www.pomcom.fr\/wp-content\/uploads\/2015\/03\/graphisme-saison-culturelle-2015-1024x768.jpg 1024w\" sizes=\"(max-width: 1600px) 100vw, 1600px\" \/><\/a><\/p>\n","protected":false},"excerpt":{"rendered":"<p>Pour sa saison culturelle 2015, le s\u00e9maphore \u00e0 souhait\u00e9 moderniser son image. Le visuel interpelle. Il exprime l&rsquo;attachement symbolique, historique et g\u00e9ographique avec la mer, mais aussi l\u2019\u00e9change et le partage qui sont au c\u0153ur de la d\u00e9marche du S\u00e9maphore.<\/p>\n","protected":false},"author":1,"featured_media":721,"comment_status":"closed","ping_status":"open","sticky":false,"template":"","format":"standard","meta":{"footnotes":""},"categories":[3],"tags":[],"class_list":["post-720","post","type-post","status-publish","format-standard","has-post-thumbnail","hentry","category-graphisme"],"_links":{"self":[{"href":"https:\/\/www.pomcom.fr\/index.php\/wp-json\/wp\/v2\/posts\/720","targetHints":{"allow":["GET"]}}],"collection":[{"href":"https:\/\/www.pomcom.fr\/index.php\/wp-json\/wp\/v2\/posts"}],"about":[{"href":"https:\/\/www.pomcom.fr\/index.php\/wp-json\/wp\/v2\/types\/post"}],"author":[{"embeddable":true,"href":"https:\/\/www.pomcom.fr\/index.php\/wp-json\/wp\/v2\/users\/1"}],"replies":[{"embeddable":true,"href":"https:\/\/www.pomcom.fr\/index.php\/wp-json\/wp\/v2\/comments?post=720"}],"version-history":[{"count":7,"href":"https:\/\/www.pomcom.fr\/index.php\/wp-json\/wp\/v2\/posts\/720\/revisions"}],"predecessor-version":[{"id":1255,"href":"https:\/\/www.pomcom.fr\/index.php\/wp-json\/wp\/v2\/posts\/720\/revisions\/1255"}],"wp:featuredmedia":[{"embeddable":true,"href":"https:\/\/www.pomcom.fr\/index.php\/wp-json\/wp\/v2\/media\/721"}],"wp:attachment":[{"href":"https:\/\/www.pomcom.fr\/index.php\/wp-json\/wp\/v2\/media?parent=720"}],"wp:term":[{"taxonomy":"category","embeddable":true,"href":"https:\/\/www.pomcom.fr\/index.php\/wp-json\/wp\/v2\/categories?post=720"},{"taxonomy":"post_tag","embeddable":true,"href":"https:\/\/www.pomcom.fr\/index.php\/wp-json\/wp\/v2\/tags?post=720"}],"curies":[{"name":"wp","href":"https:\/\/api.w.org\/{rel}","templated":true}]}}