{"id":641,"date":"2014-04-11T10:52:02","date_gmt":"2014-04-11T09:52:02","guid":{"rendered":"http:\/\/www.pomcom.fr\/?p=641"},"modified":"2015-03-16T09:53:31","modified_gmt":"2015-03-16T08:53:31","slug":"programme-culturel-printemps-des-abers","status":"publish","type":"post","link":"https:\/\/www.pomcom.fr\/index.php\/graphisme\/programme-culturel-printemps-des-abers","title":{"rendered":"programme culturel du Printemps des Abers"},"content":{"rendered":"<div id=\"attachment_646\" style=\"width: 1610px\" class=\"wp-caption aligncenter\"><a href=\"https:\/\/www.pomcom.fr\/wp-content\/uploads\/2014\/04\/printemps-des-abers.jpg\"><img decoding=\"async\" aria-describedby=\"caption-attachment-646\" class=\"wp-image-646 size-full\" src=\"https:\/\/www.pomcom.fr\/wp-content\/uploads\/2014\/04\/printemps-des-abers.jpg\" alt=\"visuel programme culturel printemps des abers 2014\" width=\"1600\" height=\"1200\" srcset=\"https:\/\/www.pomcom.fr\/wp-content\/uploads\/2014\/04\/printemps-des-abers.jpg 1600w, https:\/\/www.pomcom.fr\/wp-content\/uploads\/2014\/04\/printemps-des-abers-300x225.jpg 300w, https:\/\/www.pomcom.fr\/wp-content\/uploads\/2014\/04\/printemps-des-abers-1024x768.jpg 1024w\" sizes=\"(max-width: 1600px) 100vw, 1600px\" \/><\/a><p id=\"caption-attachment-646\" class=\"wp-caption-text\">visuel programme culturel<\/p><\/div>\n<p>Le Printemps des Abers est un \u00e9v\u00e9nement culturel qui a lieu chaque ann\u00e9e dans diff\u00e9rentes communes du Pays des Abers avec le Fourneau, centre national des arts de la rue.<br \/>\nCette ann\u00e9e, Pom Com s&rsquo;est charg\u00e9 de la cr\u00e9ation de la nouvelle identit\u00e9 graphique et de la r\u00e9alisation des supports de communication, affiche et programme culturel des spectacles.<br \/>\nLe caract\u00e8re it\u00e9ratif de l&rsquo;\u00e9v\u00e9nement est figur\u00e9 par l&rsquo;utilisation de pointill\u00e9s et de pastilles color\u00e9es qui tournent autour du personnage. Ce personnage \u00e0 la fois artiste et spectateur, s&rsquo;\u00e9l\u00e8ve entre les deux rives d&rsquo;un aber.<\/p>\n<p>&nbsp;<\/p>\n<p>&nbsp;<\/p>\n","protected":false},"excerpt":{"rendered":"<p>Le Printemps des Abers est un \u00e9v\u00e9nement culturel qui a lieu chaque ann\u00e9e dans diff\u00e9rentes communes du Pays des Abers avec le Fourneau, centre national des arts de&#8230;<\/p>\n","protected":false},"author":1,"featured_media":646,"comment_status":"closed","ping_status":"closed","sticky":false,"template":"","format":"standard","meta":{"footnotes":""},"categories":[3],"tags":[38,44,16,8,6,17,45],"class_list":["post-641","post","type-post","status-publish","format-standard","has-post-thumbnail","hentry","category-graphisme","tag-abers","tag-culturel","tag-festival","tag-graphisme-2","tag-graphiste","tag-identite-visuelle","tag-spectacle"],"_links":{"self":[{"href":"https:\/\/www.pomcom.fr\/index.php\/wp-json\/wp\/v2\/posts\/641","targetHints":{"allow":["GET"]}}],"collection":[{"href":"https:\/\/www.pomcom.fr\/index.php\/wp-json\/wp\/v2\/posts"}],"about":[{"href":"https:\/\/www.pomcom.fr\/index.php\/wp-json\/wp\/v2\/types\/post"}],"author":[{"embeddable":true,"href":"https:\/\/www.pomcom.fr\/index.php\/wp-json\/wp\/v2\/users\/1"}],"replies":[{"embeddable":true,"href":"https:\/\/www.pomcom.fr\/index.php\/wp-json\/wp\/v2\/comments?post=641"}],"version-history":[{"count":9,"href":"https:\/\/www.pomcom.fr\/index.php\/wp-json\/wp\/v2\/posts\/641\/revisions"}],"predecessor-version":[{"id":696,"href":"https:\/\/www.pomcom.fr\/index.php\/wp-json\/wp\/v2\/posts\/641\/revisions\/696"}],"wp:featuredmedia":[{"embeddable":true,"href":"https:\/\/www.pomcom.fr\/index.php\/wp-json\/wp\/v2\/media\/646"}],"wp:attachment":[{"href":"https:\/\/www.pomcom.fr\/index.php\/wp-json\/wp\/v2\/media?parent=641"}],"wp:term":[{"taxonomy":"category","embeddable":true,"href":"https:\/\/www.pomcom.fr\/index.php\/wp-json\/wp\/v2\/categories?post=641"},{"taxonomy":"post_tag","embeddable":true,"href":"https:\/\/www.pomcom.fr\/index.php\/wp-json\/wp\/v2\/tags?post=641"}],"curies":[{"name":"wp","href":"https:\/\/api.w.org\/{rel}","templated":true}]}}