{"id":587,"date":"2014-01-25T14:17:50","date_gmt":"2014-01-25T13:17:50","guid":{"rendered":"http:\/\/www.pomcom.fr\/?p=587"},"modified":"2015-03-16T10:15:54","modified_gmt":"2015-03-16T09:15:54","slug":"saison-culturelle-20132014-lesneven","status":"publish","type":"post","link":"https:\/\/www.pomcom.fr\/index.php\/graphisme\/saison-culturelle-20132014-lesneven","title":{"rendered":"Saison culturelle 2013\/2014 &#8211; LESNEVEN"},"content":{"rendered":"<div id=\"attachment_566\" style=\"width: 1610px\" class=\"wp-caption aligncenter\"><a href=\"https:\/\/www.pomcom.fr\/wp-content\/uploads\/2014\/01\/plaquette-culturelle-lesneven-visuel.jpg\"><img decoding=\"async\" aria-describedby=\"caption-attachment-566\" class=\"wp-image-566 size-full\" src=\"https:\/\/www.pomcom.fr\/wp-content\/uploads\/2014\/01\/plaquette-culturelle-lesneven-visuel.jpg\" alt=\"brochure culturelle\" width=\"1600\" height=\"1200\" srcset=\"https:\/\/www.pomcom.fr\/wp-content\/uploads\/2014\/01\/plaquette-culturelle-lesneven-visuel.jpg 1600w, https:\/\/www.pomcom.fr\/wp-content\/uploads\/2014\/01\/plaquette-culturelle-lesneven-visuel-300x225.jpg 300w, https:\/\/www.pomcom.fr\/wp-content\/uploads\/2014\/01\/plaquette-culturelle-lesneven-visuel-1024x768.jpg 1024w\" sizes=\"(max-width: 1600px) 100vw, 1600px\" \/><\/a><p id=\"caption-attachment-566\" class=\"wp-caption-text\">visuel de couverture de la brochure<\/p><\/div>\n<div id=\"attachment_552\" style=\"width: 1610px\" class=\"wp-caption aligncenter\"><a href=\"https:\/\/www.pomcom.fr\/wp-content\/uploads\/2014\/01\/lesneven-plaquette-culturelle-pages.jpg\"><img decoding=\"async\" aria-describedby=\"caption-attachment-552\" class=\"wp-image-552 size-full\" src=\"https:\/\/www.pomcom.fr\/wp-content\/uploads\/2014\/01\/lesneven-plaquette-culturelle-pages.jpg\" alt=\"plaquette Saison culturelle\" width=\"1600\" height=\"1200\" srcset=\"https:\/\/www.pomcom.fr\/wp-content\/uploads\/2014\/01\/lesneven-plaquette-culturelle-pages.jpg 1600w, https:\/\/www.pomcom.fr\/wp-content\/uploads\/2014\/01\/lesneven-plaquette-culturelle-pages-300x225.jpg 300w, https:\/\/www.pomcom.fr\/wp-content\/uploads\/2014\/01\/lesneven-plaquette-culturelle-pages-1024x768.jpg 1024w\" sizes=\"(max-width: 1600px) 100vw, 1600px\" \/><\/a><p id=\"caption-attachment-552\" class=\"wp-caption-text\">Saison culturelle, pages int\u00e9rieur de la brochure<\/p><\/div>\n<h2>Saison culturelle 2013\/2014 de la Ville de LESNEVEN<\/h2>\n<p>Cr\u00e9ation d&rsquo;un visuel et d&rsquo;une charte graphique et mise en page du programme culturel.<br \/>\nLe visuel traduit la volont\u00e9 de la ville de donner un nouvelle impulsion \u00e0 la vie culturelle de la commune. Ce programme est une premi\u00e8re pour la ville de Lesneven, d&rsquo;o\u00f9 l&rsquo;id\u00e9e de repr\u00e9senter une femme assise sur l&rsquo;un des fauteuils embl\u00e9matique de la salle de l&rsquo;Arvorik, qui est propuls\u00e9e dans le ciel \u00e0 bord d&rsquo;une fus\u00e9e, m\u00e9taphore de l&rsquo;imaginaire et du merveilleux.<\/p>\n","protected":false},"excerpt":{"rendered":"<p>Saison culturelle 2013\/2014 de la Ville de LESNEVEN Cr\u00e9ation d&rsquo;un visuel et d&rsquo;une charte graphique et mise en page du programme culturel. Le visuel traduit la volont\u00e9 de&#8230;<\/p>\n","protected":false},"author":1,"featured_media":566,"comment_status":"closed","ping_status":"open","sticky":false,"template":"","format":"standard","meta":{"footnotes":""},"categories":[3],"tags":[],"class_list":["post-587","post","type-post","status-publish","format-standard","has-post-thumbnail","hentry","category-graphisme"],"_links":{"self":[{"href":"https:\/\/www.pomcom.fr\/index.php\/wp-json\/wp\/v2\/posts\/587","targetHints":{"allow":["GET"]}}],"collection":[{"href":"https:\/\/www.pomcom.fr\/index.php\/wp-json\/wp\/v2\/posts"}],"about":[{"href":"https:\/\/www.pomcom.fr\/index.php\/wp-json\/wp\/v2\/types\/post"}],"author":[{"embeddable":true,"href":"https:\/\/www.pomcom.fr\/index.php\/wp-json\/wp\/v2\/users\/1"}],"replies":[{"embeddable":true,"href":"https:\/\/www.pomcom.fr\/index.php\/wp-json\/wp\/v2\/comments?post=587"}],"version-history":[{"count":5,"href":"https:\/\/www.pomcom.fr\/index.php\/wp-json\/wp\/v2\/posts\/587\/revisions"}],"predecessor-version":[{"id":702,"href":"https:\/\/www.pomcom.fr\/index.php\/wp-json\/wp\/v2\/posts\/587\/revisions\/702"}],"wp:featuredmedia":[{"embeddable":true,"href":"https:\/\/www.pomcom.fr\/index.php\/wp-json\/wp\/v2\/media\/566"}],"wp:attachment":[{"href":"https:\/\/www.pomcom.fr\/index.php\/wp-json\/wp\/v2\/media?parent=587"}],"wp:term":[{"taxonomy":"category","embeddable":true,"href":"https:\/\/www.pomcom.fr\/index.php\/wp-json\/wp\/v2\/categories?post=587"},{"taxonomy":"post_tag","embeddable":true,"href":"https:\/\/www.pomcom.fr\/index.php\/wp-json\/wp\/v2\/tags?post=587"}],"curies":[{"name":"wp","href":"https:\/\/api.w.org\/{rel}","templated":true}]}}