{"id":1065,"date":"2016-10-29T13:29:51","date_gmt":"2016-10-29T12:29:51","guid":{"rendered":"http:\/\/www.pomcom.fr\/?p=1065"},"modified":"2021-02-18T00:12:33","modified_gmt":"2021-02-17T23:12:33","slug":"logo-et-plaquette","status":"publish","type":"post","link":"https:\/\/www.pomcom.fr\/index.php\/identite-visuelle-logo\/logo-et-plaquette","title":{"rendered":"Logo et plaquette pour la m\u00e9diath\u00e8que Le Vilaren"},"content":{"rendered":"<p>Cr\u00e9ation de logo et plaquette<\/p>\n<p>La m\u00e9diath\u00e8que de Lesneven souhaitait affirmer son identit\u00e9 visuelle. J&rsquo;ai donc cr\u00e9\u00e9 pour eu un logo et une plaquette de pr\u00e9sentation.<\/p>\n<p><a href=\"https:\/\/www.pomcom.fr\/wp-content\/uploads\/2018\/10\/plaquette-mediatheque.jpg\"><img decoding=\"async\" class=\"aligncenter size-full wp-image-1055\" src=\"https:\/\/www.pomcom.fr\/wp-content\/uploads\/2018\/10\/plaquette-mediatheque.jpg\" alt=\"Logo et plaquette Lesneven\" width=\"1600\" height=\"1209\" srcset=\"https:\/\/www.pomcom.fr\/wp-content\/uploads\/2018\/10\/plaquette-mediatheque.jpg 1600w, https:\/\/www.pomcom.fr\/wp-content\/uploads\/2018\/10\/plaquette-mediatheque-300x227.jpg 300w, https:\/\/www.pomcom.fr\/wp-content\/uploads\/2018\/10\/plaquette-mediatheque-768x580.jpg 768w, https:\/\/www.pomcom.fr\/wp-content\/uploads\/2018\/10\/plaquette-mediatheque-1024x774.jpg 1024w\" sizes=\"(max-width: 1600px) 100vw, 1600px\" \/><\/a><\/p>\n\n\n\n\n<figure class=\"wp-block-image size-large\"><a href=\"https:\/\/www.pomcom.fr\/wp-content\/uploads\/2021\/02\/vilren-interieur-scaled.jpg\"><img decoding=\"async\" width=\"1024\" height=\"774\" src=\"https:\/\/www.pomcom.fr\/wp-content\/uploads\/2021\/02\/vilren-interieur-1024x774.jpg\" alt=\"\" class=\"wp-image-1225\"\/><\/a><\/figure>\n\n\n\n<figure class=\"wp-block-image size-large is-resized\"><a href=\"https:\/\/www.pomcom.fr\/wp-content\/uploads\/2018\/10\/logo-mediatheque-finistere-e1613603461751.jpg\"><img decoding=\"async\" src=\"https:\/\/www.pomcom.fr\/wp-content\/uploads\/2018\/10\/logo-mediatheque-finistere-1024x876.jpg\" alt=\"Logo et plaquette m\u00e9diath\u00e8que\" class=\"wp-image-1056\" width=\"619\" height=\"529\"\/><\/a><\/figure>\n","protected":false},"excerpt":{"rendered":"<p>Logo \/ Charte graphique \/ Supports<\/p>\n","protected":false},"author":1,"featured_media":1055,"comment_status":"closed","ping_status":"open","sticky":true,"template":"","format":"gallery","meta":{"footnotes":""},"categories":[3,43],"tags":[],"class_list":["post-1065","post","type-post","status-publish","format-gallery","has-post-thumbnail","hentry","category-graphisme","category-identite-visuelle-logo","post_format-post-format-gallery"],"_links":{"self":[{"href":"https:\/\/www.pomcom.fr\/index.php\/wp-json\/wp\/v2\/posts\/1065","targetHints":{"allow":["GET"]}}],"collection":[{"href":"https:\/\/www.pomcom.fr\/index.php\/wp-json\/wp\/v2\/posts"}],"about":[{"href":"https:\/\/www.pomcom.fr\/index.php\/wp-json\/wp\/v2\/types\/post"}],"author":[{"embeddable":true,"href":"https:\/\/www.pomcom.fr\/index.php\/wp-json\/wp\/v2\/users\/1"}],"replies":[{"embeddable":true,"href":"https:\/\/www.pomcom.fr\/index.php\/wp-json\/wp\/v2\/comments?post=1065"}],"version-history":[{"count":3,"href":"https:\/\/www.pomcom.fr\/index.php\/wp-json\/wp\/v2\/posts\/1065\/revisions"}],"predecessor-version":[{"id":1293,"href":"https:\/\/www.pomcom.fr\/index.php\/wp-json\/wp\/v2\/posts\/1065\/revisions\/1293"}],"wp:featuredmedia":[{"embeddable":true,"href":"https:\/\/www.pomcom.fr\/index.php\/wp-json\/wp\/v2\/media\/1055"}],"wp:attachment":[{"href":"https:\/\/www.pomcom.fr\/index.php\/wp-json\/wp\/v2\/media?parent=1065"}],"wp:term":[{"taxonomy":"category","embeddable":true,"href":"https:\/\/www.pomcom.fr\/index.php\/wp-json\/wp\/v2\/categories?post=1065"},{"taxonomy":"post_tag","embeddable":true,"href":"https:\/\/www.pomcom.fr\/index.php\/wp-json\/wp\/v2\/tags?post=1065"}],"curies":[{"name":"wp","href":"https:\/\/api.w.org\/{rel}","templated":true}]}}