{"id":1032,"date":"2018-05-23T15:24:12","date_gmt":"2018-05-23T14:24:12","guid":{"rendered":"http:\/\/www.pomcom.fr\/?p=1032"},"modified":"2021-02-23T11:58:19","modified_gmt":"2021-02-23T10:58:19","slug":"logo-epicerie-fine-caviste","status":"publish","type":"post","link":"https:\/\/www.pomcom.fr\/index.php\/identite-visuelle-logo\/logo-epicerie-fine-caviste","title":{"rendered":"Logo \u00e9picerie fine \/ caviste"},"content":{"rendered":"<h2>Logo \u00e9picerie fine \/ caviste<\/h2>\n<p>Cr\u00e9ation d&rsquo;un logo pour un commerce qui regroupe une \u00e9picerie fine et un caviste. Les deux \u00e9tablissements, L&rsquo;\u00e9picurien (\u00e9picerie fine) et le verre \u00e0 vin (caviste), font peau neuve. Pour promouvoir l&rsquo;inauguration de ces nouveaux espaces, j&rsquo;ai cr\u00e9\u00e9 une identit\u00e9 graphique \u00e0 l&rsquo;image de leurs produits. Le logo arbore un style vintage. Alors que les visuels aux tons dor\u00e9s nous mettent en app\u00e9tit.<\/p>\n<p>Un soin particulier \u00e0 \u00e9t\u00e9 apport\u00e9 au travail typographique et au choix des photos, pour illustrer au mieux le choix de produits de qualit\u00e9 effectu\u00e9 par ce magasin.<\/p>\n<p>Un flyer, une invitation \u00e0 l&rsquo;inauguration ainsi que plusieurs annonces presses on \u00e9t\u00e9 d\u00e9clin\u00e9es de cette identit\u00e9 graphique.<\/p>\n<p><a href=\"https:\/\/www.pomcom.fr\/wp-content\/uploads\/2018\/05\/logo-epicerie-fine-caviste-2.jpg\"><img decoding=\"async\" class=\"aligncenter size-full wp-image-1031\" src=\"https:\/\/www.pomcom.fr\/wp-content\/uploads\/2018\/05\/logo-epicerie-fine-caviste-2.jpg\" alt=\"logo \u00e9picerie fine caviste\" width=\"1600\" height=\"3393\" srcset=\"https:\/\/www.pomcom.fr\/wp-content\/uploads\/2018\/05\/logo-epicerie-fine-caviste-2.jpg 1207w, https:\/\/www.pomcom.fr\/wp-content\/uploads\/2018\/05\/logo-epicerie-fine-caviste-2-141x300.jpg 141w, https:\/\/www.pomcom.fr\/wp-content\/uploads\/2018\/05\/logo-epicerie-fine-caviste-2-768x1629.jpg 768w, https:\/\/www.pomcom.fr\/wp-content\/uploads\/2018\/05\/logo-epicerie-fine-caviste-2-483x1024.jpg 483w\" sizes=\"(max-width: 1600px) 100vw, 1600px\" \/><\/a><\/p>\n","protected":false},"excerpt":{"rendered":"<p>Logo \u00e9picerie fine \/ caviste Cr\u00e9ation d&rsquo;un logo pour un commerce qui regroupe une \u00e9picerie fine et un caviste. Les deux \u00e9tablissements, L&rsquo;\u00e9picurien (\u00e9picerie fine) et le verre&#8230;<\/p>\n","protected":false},"author":1,"featured_media":1030,"comment_status":"closed","ping_status":"open","sticky":false,"template":"","format":"image","meta":{"footnotes":""},"categories":[43],"tags":[],"class_list":["post-1032","post","type-post","status-publish","format-image","has-post-thumbnail","hentry","category-identite-visuelle-logo","post_format-post-format-image"],"_links":{"self":[{"href":"https:\/\/www.pomcom.fr\/index.php\/wp-json\/wp\/v2\/posts\/1032","targetHints":{"allow":["GET"]}}],"collection":[{"href":"https:\/\/www.pomcom.fr\/index.php\/wp-json\/wp\/v2\/posts"}],"about":[{"href":"https:\/\/www.pomcom.fr\/index.php\/wp-json\/wp\/v2\/types\/post"}],"author":[{"embeddable":true,"href":"https:\/\/www.pomcom.fr\/index.php\/wp-json\/wp\/v2\/users\/1"}],"replies":[{"embeddable":true,"href":"https:\/\/www.pomcom.fr\/index.php\/wp-json\/wp\/v2\/comments?post=1032"}],"version-history":[{"count":4,"href":"https:\/\/www.pomcom.fr\/index.php\/wp-json\/wp\/v2\/posts\/1032\/revisions"}],"predecessor-version":[{"id":1302,"href":"https:\/\/www.pomcom.fr\/index.php\/wp-json\/wp\/v2\/posts\/1032\/revisions\/1302"}],"wp:featuredmedia":[{"embeddable":true,"href":"https:\/\/www.pomcom.fr\/index.php\/wp-json\/wp\/v2\/media\/1030"}],"wp:attachment":[{"href":"https:\/\/www.pomcom.fr\/index.php\/wp-json\/wp\/v2\/media?parent=1032"}],"wp:term":[{"taxonomy":"category","embeddable":true,"href":"https:\/\/www.pomcom.fr\/index.php\/wp-json\/wp\/v2\/categories?post=1032"},{"taxonomy":"post_tag","embeddable":true,"href":"https:\/\/www.pomcom.fr\/index.php\/wp-json\/wp\/v2\/tags?post=1032"}],"curies":[{"name":"wp","href":"https:\/\/api.w.org\/{rel}","templated":true}]}}